{"id":1943,"date":"2026-03-11T12:43:48","date_gmt":"2026-03-11T12:43:48","guid":{"rendered":"https:\/\/sportgvp.eu\/?p=1943"},"modified":"2026-03-11T12:43:48","modified_gmt":"2026-03-11T12:43:48","slug":"voci-del-cambiamento-amplificare-le-storie-nello-sport-gvp","status":"publish","type":"post","link":"https:\/\/sportgvp.eu\/it\/voci-del-cambiamento-amplificare-le-storie-nello-sport-gvp\/","title":{"rendered":"Voci del cambiamento: amplificare le storie nello sport GVP"},"content":{"rendered":"<h1><b>Voci del cambiamento: amplificare le storie nello sport GVP<\/b><\/h1>\n<p><span style=\"font-weight: 400\">Il mondo dello sport \u00e8 una potente piattaforma per raccontare storie, offrendo agli individui e alle comunit\u00e0 un palcoscenico per esprimere la propria identit\u00e0, sfidare le norme e ispirare la trasformazione. In tutta Europa, lo sport non \u00e8 solo una competizione fisica, ma \u00e8 uno strumento per amplificare le voci sottorappresentate e promuovere comunit\u00e0 inclusive. Con il sostegno della Commissione europea, varie iniziative mirano a valorizzare queste storie, utilizzando lo sport come veicolo di cambiamento sociale.<\/span><\/p>\n<p><span style=\"font-weight: 400\">Lo sport \u00e8 da tempo riconosciuto per la sua capacit\u00e0 di unire le persone, superare i confini e promuovere l&#8217;unit\u00e0. <\/span><a href=\"https:\/\/sport.ec.europa.eu\/news\/european-week-of-sports-return-with-joy-resilience-intergenerational-themes\"><b>La Settimana europea dello sport<\/b><\/a><span style=\"font-weight: 400\"> (EWoS), un&#8217;iniziativa annuale sostenuta dalla Commissione europea, sostiene questa missione. Attraverso il suo slogan <\/span><b>#BeActive<\/b><span style=\"font-weight: 400\">, l&#8217;EWoS ha coinvolto oltre 71 milioni di partecipanti in 42 paesi, dimostrando la capacit\u00e0 dello sport di abbattere le barriere e collegare individui di diverse generazioni e background sociali (<\/span><a href=\"https:\/\/sport.ec.europa.eu\/news\/european-week-of-sports-return-with-joy-resilience-intergenerational-themes\"><span style=\"font-weight: 400\">La Settimana europea dello sport torna con gioia, resilienza e temi intergenerazionali<\/span><\/a><span style=\"font-weight: 400\">. (n.d.). Sport).<\/span><\/p>\n<p><span style=\"font-weight: 400\">Le storie di vita reale dell&#8217;EWoS esemplificano come lo sport possa dare voce alle comunit\u00e0 emarginate, consentendo loro di esprimere resilienza e gioia nonostante le avversit\u00e0. L&#8217;attenzione dell&#8217;evento ai temi intergenerazionali sottolinea ulteriormente il ruolo dello sport nel colmare il divario generazionale, promuovendo un senso di appartenenza tra tutte le et\u00e0.\u00a0<\/span><\/p>\n<p><a href=\"https:\/\/sport.ec.europa.eu\/news\/european-week-of-sports-return-with-joy-resilience-intergenerational-themes\"><b>L&#8217;iniziativa<\/b><\/a> <a href=\"https:\/\/sport.ec.europa.eu\/news\/european-week-of-sports-return-with-joy-resilience-intergenerational-themes\"><b>#HealthyLifestyle4All<\/b><\/a><span style=\"font-weight: 400\">, che si svolge parallelamente alla EWoS, amplifica ulteriormente le voci del cambiamento promuovendo l&#8217;attivit\u00e0 fisica in diversi gruppi socioeconomici. Questo programma promosso dall&#8217;UE affronta le crescenti preoccupazioni relative all&#8217;obesit\u00e0 e all&#8217;inattivit\u00e0 fisica in Europa, in particolare tra le comunit\u00e0 svantaggiate. Attraverso questa iniziativa, lo sport viene promosso come un diritto fondamentale per tutti, che trascende i limiti di et\u00e0, sesso o capacit\u00e0 fisica.\u00a0<\/span><\/p>\n<p><span style=\"font-weight: 400\">L&#8217;iniziativa mette in evidenza storie ispiratrici di diversi partecipanti che utilizzano lo sport per superare sfide personali, difendere la giustizia sociale e promuovere il benessere mentale e fisico.<\/span><\/p>\n<p><span style=\"font-weight: 400\">Inoltre, iniziative come il programma <\/span><b>&#8220;Voices for Change&#8221; <\/b><span style=\"font-weight: 400\">utilizzano lo sport come mezzo per incoraggiare il dialogo sulla violenza di genere (GBV), fornendo piattaforme dove i rifugiati possono condividere in sicurezza le loro storie. Ci\u00f2 consente non solo ai singoli individui, ma anche alle comunit\u00e0 di sfidare lo status quo, rendendo lo sport un&#8217;arena fondamentale per combattere la violenza e promuovere l&#8217;uguaglianza di genere (<\/span><a href=\"https:\/\/culture.ec.europa.eu\/news\/how-culture-and-creativity-can-drive-the-green-transition-new-report-published\"><span style=\"font-weight: 400\">Cultura e creativit\u00e0<\/span><\/a><span style=\"font-weight: 400\">).<\/span><\/p>\n<p><span style=\"font-weight: 400\">Basandosi su queste iniziative, il progetto &#8220;Prevenire la violenza di genere nello sport e attraverso lo sport&#8221; (Sport GVP) amplifica ulteriormente questa missione sviluppando strumenti e risorse concreti per combattere la GBV in ambito sportivo. Promuovendo la cooperazione transfrontaliera, <\/span><b>Sport GVP <\/b><span style=\"font-weight: 400\">favorisce la sensibilizzazione e strategie di prevenzione proattive per garantire che gli ambienti sportivi in tutta Europa siano liberi da violenza e discriminazione. Per ulteriori informazioni su queste iniziative, visitare <\/span><a href=\"https:\/\/sportgvp.eu\"><span style=\"font-weight: 400\">il sito sportgvp.eu<\/span><\/a><span style=\"font-weight: 400\">.<\/span><\/p>\n<p>&nbsp;<\/p>\n<p><span style=\"font-weight: 400\">Riferimenti\u00a0<\/span><\/p>\n<ul>\n<li style=\"font-weight: 400\"><span style=\"font-weight: 400\">Commissione Europea. (n.d.). <\/span><i><span style=\"font-weight: 400\">Settimana europea dello sport<\/span><\/i><span style=\"font-weight: 400\">.<\/span><a href=\"https:\/\/sport.ec.europa.eu\/european-week-of-sport\"><span style=\"font-weight: 400\"> https:\/\/sport.ec.europa.eu\/european-week-of-sport<\/span><\/a><\/li>\n<li style=\"font-weight: 400\"><span style=\"font-weight: 400\">Stile di vita sano per tutti: promuovere l&#8217;inclusivit\u00e0 attraverso lo sport. Commissione europea. <\/span><a href=\"https:\/\/sport.ec.europa.eu\/news\/european-week-of-sports-return-with-joy-resilience-intergenerational-themes\"><span style=\"font-weight: 400\">Link<\/span><\/a><span style=\"font-weight: 400\">.<\/span><\/li>\n<li style=\"font-weight: 400\"><span style=\"font-weight: 400\">Voices of Culture. (2023). <\/span><i><span style=\"font-weight: 400\">I settori e le industrie culturali e creative guidano la transizione verde e affrontano la crisi energetica<\/span><\/i><span style=\"font-weight: 400\">.<\/span><a href=\"https:\/\/voicesofculture.eu\/2023\/09\/29\/new-report-published-culture-and-creative-sectors-and-industries-driving-green-transition-and-facing-the-energy-crisis\/\"><span style=\"font-weight: 400\"> https:\/\/voicesofculture.eu\/2023\/09\/29\/new-report-published-culture-and-creative-sectors-and-industries-driving-green-transition-and-facing-the-energy-crisis\/<\/span><\/a><span style=\"font-weight: 400\">\u00a0<\/span><\/li>\n<\/ul>\n<p>&nbsp;<\/p>\n","protected":false},"excerpt":{"rendered":"<p>Voci del cambiamento: amplificare le storie nello sport GVP Il mondo dello sport \u00e8 una potente piattaforma per raccontare storie, offrendo agli individui e alle..<\/p>\n","protected":false},"author":2,"featured_media":0,"comment_status":"closed","ping_status":"open","sticky":false,"template":"","format":"standard","meta":{"_acf_changed":false,"_bbp_topic_count":0,"_bbp_reply_count":0,"_bbp_total_topic_count":0,"_bbp_total_reply_count":0,"_bbp_voice_count":0,"_bbp_anonymous_reply_count":0,"_bbp_topic_count_hidden":0,"_bbp_reply_count_hidden":0,"_bbp_forum_subforum_count":0,"inline_featured_image":false,"footnotes":""},"categories":[77],"tags":[],"class_list":["post-1943","post","type-post","status-publish","format-standard","hentry","category-notizie"],"acf":[],"_links":{"self":[{"href":"https:\/\/sportgvp.eu\/it\/wp-json\/wp\/v2\/posts\/1943","targetHints":{"allow":["GET"]}}],"collection":[{"href":"https:\/\/sportgvp.eu\/it\/wp-json\/wp\/v2\/posts"}],"about":[{"href":"https:\/\/sportgvp.eu\/it\/wp-json\/wp\/v2\/types\/post"}],"author":[{"embeddable":true,"href":"https:\/\/sportgvp.eu\/it\/wp-json\/wp\/v2\/users\/2"}],"replies":[{"embeddable":true,"href":"https:\/\/sportgvp.eu\/it\/wp-json\/wp\/v2\/comments?post=1943"}],"version-history":[{"count":1,"href":"https:\/\/sportgvp.eu\/it\/wp-json\/wp\/v2\/posts\/1943\/revisions"}],"predecessor-version":[{"id":1944,"href":"https:\/\/sportgvp.eu\/it\/wp-json\/wp\/v2\/posts\/1943\/revisions\/1944"}],"wp:attachment":[{"href":"https:\/\/sportgvp.eu\/it\/wp-json\/wp\/v2\/media?parent=1943"}],"wp:term":[{"taxonomy":"category","embeddable":true,"href":"https:\/\/sportgvp.eu\/it\/wp-json\/wp\/v2\/categories?post=1943"},{"taxonomy":"post_tag","embeddable":true,"href":"https:\/\/sportgvp.eu\/it\/wp-json\/wp\/v2\/tags?post=1943"}],"curies":[{"name":"wp","href":"https:\/\/api.w.org\/{rel}","templated":true}]}}